{"id":9579,"date":"2025-01-09T10:27:32","date_gmt":"2025-01-09T09:27:32","guid":{"rendered":"https:\/\/treskablinoll.nu\/?p=9579"},"modified":"2026-01-28T10:41:06","modified_gmt":"2026-01-28T09:41:06","slug":"kostnadsfri-grundutbildning-for-skolpersonal","status":"publish","type":"post","link":"https:\/\/treskablinoll.nu\/ll\/kostnadsfri-grundutbildning-for-skolpersonal\/","title":{"rendered":"Kostnadsfri grundutbildning f\u00f6r skolpersonal"},"content":{"rendered":"<div data-elementor-type=\"wp-post\" data-elementor-id=\"9579\" class=\"elementor elementor-9579\" data-elementor-post-type=\"post\">\n\t\t\t\t\t\t<section class=\"elementor-section elementor-top-section elementor-element elementor-element-4163e36 elementor-section-boxed elementor-section-height-default elementor-section-height-default\" data-id=\"4163e36\" data-element_type=\"section\">\n\t\t\t\t\t\t<div class=\"elementor-container elementor-column-gap-default\">\n\t\t\t\t\t<div class=\"elementor-column elementor-col-100 elementor-top-column elementor-element elementor-element-788d8d36\" data-id=\"788d8d36\" data-element_type=\"column\">\n\t\t\t<div class=\"elementor-widget-wrap elementor-element-populated\">\n\t\t\t\t\t\t<div class=\"elementor-element elementor-element-5c42c046 elementor-widget elementor-widget-text-editor\" data-id=\"5c42c046\" data-element_type=\"widget\" data-widget_type=\"text-editor.default\">\n\t\t\t\t<div class=\"elementor-widget-container\">\n\t\t\t\t\t\t\t\t\t<p><\/p>\n<h3>Bli den trygga vuxna ett barn beh\u00f6ver<\/h3>\n<p data-pm-slice=\"1 1 []\">Idag blir fler \u00e4n 1 av 4 barn utsatta f\u00f6r sexuella \u00f6vergrepp. Det \u00e4r ungef\u00e4r 8 barn per klass som f\u00e5r sin trygga barndom ber\u00f6vad. Genom att st\u00e4rka grundskolans integritetsarbete kan vi se till att skolan blir en trygg plats fri fr\u00e5n sexuella \u00f6vergrepp. F\u00f6r att g\u00f6ra det m\u00f6jligt \u00e4r det livsviktigt att vuxna runt barnen har r\u00e4tt kunskap, verktyg och st\u00f6d f\u00f6r att kunna undervisa och ge r\u00e4tt hj\u00e4lp till barn som \u00e4r utsatta.<\/p>\n<p>Grundskolan har ett stort uppdrag, b\u00e5de inom kunskapsomr\u00e5det sexualitet, samtycke och relationer men \u00e4ven i v\u00e4rdegrundsarbetet. Trots det s\u00e5 finns det en stor avsaknad av material, st\u00f6d, och kompetensh\u00f6jande insatser f\u00f6r personal som m\u00f6jligg\u00f6r att de kan fullf\u00f6lja sitt livsviktiga uppdrag.<\/p>\n<p>Inom v\u00e5rt arvsfondsprojekt \u201dGrundskolebrevet \u2013 en skola utan sexuella \u00f6vergrepp\u201d tar vi fram material som \u00e4mnar till att st\u00e4rka grundskolans integritetsarbete. Vi har tr\u00e4ffat \u00f6ver 400 skolanst\u00e4llda, 60 v\u00e5rdnadshavare och 391 elever i grundskola och anpassad grundskola f\u00f6r att kartl\u00e4gga vilka utmaningar och behov som finns. Denna gratis grundutbildning riktar sig till dig som arbetar p\u00e5 grundskolan och vill f\u00e5 r\u00e4tt kunskap och verktyg f\u00f6r att undervisa om \u00e4mnet och bem\u00f6ta barn som du misst\u00e4nker uts\u00e4tts.<\/p>\n<h3>Det h\u00e4r f\u00e5r du:<\/h3>\n<ul>\n<li>Kunskap om sexuella \u00f6vergrepp mot barn och hur det ser ut i Sverige.<\/li>\n<li>Hur \u00f6vergrepp p\u00e5verkar barns h\u00e4lsa och v\u00e4lbefinnande.<\/li>\n<li>Tips p\u00e5 hur du kan arbeta f\u00f6rebyggande i undervisningen, bryta tystnaden och bem\u00f6ta barn som \u00e4r utsatta.<\/li>\n<li>En exklusiv inblick i v\u00e5rt material som kommer att lanseras under v\u00e5ren 2025.<\/li>\n<\/ul>\n<p>Utbildningen sker digitalt s\u00e5 att du kan n\u00e4rvara oavsett vart i landet du befinner dig. En timme innan eventet f\u00e5r du en p\u00e5minnelse och l\u00e4nk till m\u00f6tet.<\/p>\n<p><strong>Genom kunskap och information kan vi se till att alla barn f\u00e5r en trygg barndom fri fr\u00e5n sexuellt v\u00e5ld.<\/strong><\/p>\n<h3>Du f\u00e5r m\u00f6ta:<\/h3>\n<p><strong>Rose-Marie Berglund<\/strong><br \/>Pedagogiskt sakkunnig och metodutvecklare inom arvsfondsprojektet Grundskolebrevet. Med sin bakgrund som l\u00e4rare och pedagogiskt sakkunnig \u00e4r Rose-Marie v\u00e4l f\u00f6rankrad i utbildningsfr\u00e5gor och har l\u00e5ng erfarenhet av att arbeta med metod- och materialframst\u00e4llning. Med sitt engagemang f\u00f6r specialpedagogik har hon en gedigen kunskap om tillg\u00e4nglighet f\u00f6r personer i behov av s\u00e4rskilt st\u00f6d.<\/p>\n<p><strong>Amanda Hedman Rojas<\/strong><br \/>Projektledare och metodutvecklare f\u00f6r Arvsfondsprojektet Grundskolebrevet. Med en bakgrund i krishantering och ett engagemang f\u00f6r m\u00e4nskliga r\u00e4ttigheter har Amanda l\u00e4nge arbetat med kvinnor- och barns r\u00e4ttigheter.<\/p>\n<p><\/p>\t\t\t\t\t\t\t\t<\/div>\n\t\t\t\t<\/div>\n\t\t\t\t\t<\/div>\n\t\t<\/div>\n\t\t\t\t\t<\/div>\n\t\t<\/section>\n\t\t<div class=\"elementor-element elementor-element-592b4353 e-flex e-con-boxed e-con e-parent\" data-id=\"592b4353\" data-element_type=\"container\">\n\t\t\t\t\t<div class=\"e-con-inner\">\n\t\t<div class=\"elementor-element elementor-element-3693c609 e-flex e-con-boxed e-con e-child\" data-id=\"3693c609\" data-element_type=\"container\" data-settings=\"{&quot;background_background&quot;:&quot;classic&quot;}\">\n\t\t\t\t\t<div class=\"e-con-inner\">\n\t\t\t\t<div class=\"elementor-element elementor-element-1324c71d elementor-cta--skin-classic elementor-animated-content elementor-bg-transform elementor-bg-transform-zoom-in elementor-widget elementor-widget-call-to-action\" data-id=\"1324c71d\" data-element_type=\"widget\" data-widget_type=\"call-to-action.default\">\n\t\t\t\t<div class=\"elementor-widget-container\">\n\t\t\t\t\t\t\t<div class=\"elementor-cta\">\n\t\t\t\t\t\t\t<div class=\"elementor-cta__content\">\n\t\t\t\t\n\t\t\t\t\t\t\t\t\t<h3 class=\"elementor-cta__title elementor-cta__content-item elementor-content-item\">\n\t\t\t\t\t\tF\u00f6r skolpersonal\t\t\t\t\t<\/h3>\n\t\t\t\t\n\t\t\t\t\t\t\t\t\t<div class=\"elementor-cta__description elementor-cta__content-item elementor-content-item\">\n\t\t\t\t\t\tGrundutbildningen riktar sig till dig som arbetar p\u00e5 skola och vill ha mer kunskap i sexuella \u00f6vergrepp mot barn och hur du kan arbeta f\u00f6rebyggande. <br><br><b>N\u00e4r?<\/b> 4 februari 2025 kl <strong>9:00-10:00<\/strong><br><b>Vart?<\/b> Digitalt via teams\t\t\t\t\t<\/div>\n\t\t\t\t\n\t\t\t\t\t\t\t\t\t<div class=\"elementor-cta__button-wrapper elementor-cta__content-item elementor-content-item\">\n\t\t\t\t\t<a class=\"elementor-cta__button elementor-button elementor-size-\" href=\"https:\/\/events.teams.microsoft.com\/event\/deba7dd7-a480-46d1-98bc-684587b16274@65fec0f4-7dcf-46c2-9655-4c7c73c9f3bd\" target=\"_blank\" rel=\"noopener\">\n\t\t\t\t\t\tTill anm\u00e4lan&emsp;<i class=\"fas fa-arrow-right\"><\/i>\t\t\t\t\t<\/a>\n\t\t\t\t\t<\/div>\n\t\t\t\t\t\t\t<\/div>\n\t\t\t\t\t\t<\/div>\n\t\t\t\t\t\t<\/div>\n\t\t\t\t<\/div>\n\t\t\t\t\t<\/div>\n\t\t\t\t<\/div>\n\t\t<div class=\"elementor-element elementor-element-683e29e e-flex e-con-boxed e-con e-child\" data-id=\"683e29e\" data-element_type=\"container\" data-settings=\"{&quot;background_background&quot;:&quot;classic&quot;}\">\n\t\t\t\t\t<div class=\"e-con-inner\">\n\t\t\t\t<div class=\"elementor-element elementor-element-25a01dd elementor-cta--skin-classic elementor-animated-content elementor-bg-transform elementor-bg-transform-zoom-in elementor-widget elementor-widget-call-to-action\" data-id=\"25a01dd\" data-element_type=\"widget\" data-widget_type=\"call-to-action.default\">\n\t\t\t\t<div class=\"elementor-widget-container\">\n\t\t\t\t\t\t\t<div class=\"elementor-cta\">\n\t\t\t\t\t\t\t<div class=\"elementor-cta__content\">\n\t\t\t\t\n\t\t\t\t\t\t\t\t\t<h3 class=\"elementor-cta__title elementor-cta__content-item elementor-content-item\">\n\t\t\t\t\t\tF\u00f6r skolpersonal\t\t\t\t\t<\/h3>\n\t\t\t\t\n\t\t\t\t\t\t\t\t\t<div class=\"elementor-cta__description elementor-cta__content-item elementor-content-item\">\n\t\t\t\t\t\tGrundutbildningen riktar sig till dig som arbetar p\u00e5 skola och vill ha mer kunskap i sexuella \u00f6vergrepp mot barn och hur du kan arbeta f\u00f6rebyggande. <br><br><b>N\u00e4r?<\/b> 4 februari 2025 kl <strong>15:30-16:30<\/strong><br><b>Vart?<\/b> Digitalt via teams\t\t\t\t\t<\/div>\n\t\t\t\t\n\t\t\t\t\t\t\t\t\t<div class=\"elementor-cta__button-wrapper elementor-cta__content-item elementor-content-item\">\n\t\t\t\t\t<a class=\"elementor-cta__button elementor-button elementor-size-\" href=\"https:\/\/events.teams.microsoft.com\/event\/fd49daf2-3dfb-4423-b8d8-c6c9f921ec6c@65fec0f4-7dcf-46c2-9655-4c7c73c9f3bd\" target=\"_blank\" rel=\"noopener\">\n\t\t\t\t\t\tTill anm\u00e4lan&emsp;<i class=\"fas fa-arrow-right\"><\/i>\t\t\t\t\t<\/a>\n\t\t\t\t\t<\/div>\n\t\t\t\t\t\t\t<\/div>\n\t\t\t\t\t\t<\/div>\n\t\t\t\t\t\t<\/div>\n\t\t\t\t<\/div>\n\t\t\t\t\t<\/div>\n\t\t\t\t<\/div>\n\t\t\t\t\t<\/div>\n\t\t\t\t<\/div>\n\t\t<div class=\"elementor-element elementor-element-2423128 e-flex e-con-boxed e-con e-parent\" data-id=\"2423128\" data-element_type=\"container\">\n\t\t\t\t\t<div class=\"e-con-inner\">\n\t\t<div class=\"elementor-element elementor-element-9fac484 e-flex e-con-boxed e-con e-child\" data-id=\"9fac484\" data-element_type=\"container\" data-settings=\"{&quot;background_background&quot;:&quot;classic&quot;}\">\n\t\t\t\t\t<div class=\"e-con-inner\">\n\t\t\t\t<div class=\"elementor-element elementor-element-a2c69ea elementor-cta--skin-classic elementor-animated-content elementor-bg-transform elementor-bg-transform-zoom-in elementor-widget elementor-widget-call-to-action\" data-id=\"a2c69ea\" data-element_type=\"widget\" data-widget_type=\"call-to-action.default\">\n\t\t\t\t<div class=\"elementor-widget-container\">\n\t\t\t\t\t\t\t<div class=\"elementor-cta\">\n\t\t\t\t\t\t\t<div class=\"elementor-cta__content\">\n\t\t\t\t\n\t\t\t\t\t\t\t\t\t<h3 class=\"elementor-cta__title elementor-cta__content-item elementor-content-item\">\n\t\t\t\t\t\tF\u00f6r skolledning\t\t\t\t\t<\/h3>\n\t\t\t\t\n\t\t\t\t\t\t\t\t\t<div class=\"elementor-cta__description elementor-cta__content-item elementor-content-item\">\n\t\t\t\t\t\tGrundutbildningen riktar sig till dig som arbetar inom skolledningen och vill ha kunskap i hur du kan st\u00e4rka skolans integritetsarbete och st\u00f6tta din skolpersonal.<br><br><b>N\u00e4r?<\/b> 5 februari 2025 kl 10:00-11:00<br><b>Vart?<\/b> Digitalt via teams. \t\t\t\t\t<\/div>\n\t\t\t\t\n\t\t\t\t\t\t\t\t\t<div class=\"elementor-cta__button-wrapper elementor-cta__content-item elementor-content-item\">\n\t\t\t\t\t<a class=\"elementor-cta__button elementor-button elementor-size-\" href=\"https:\/\/events.teams.microsoft.com\/event\/207c7262-5261-434d-8319-f4b14fbf04f8@65fec0f4-7dcf-46c2-9655-4c7c73c9f3bd\" target=\"_blank\" rel=\"noopener\">\n\t\t\t\t\t\ttill anm\u00e4lan&emsp;<i class=\"fas fa-arrow-right\"><\/i>\t\t\t\t\t<\/a>\n\t\t\t\t\t<\/div>\n\t\t\t\t\t\t\t<\/div>\n\t\t\t\t\t\t<\/div>\n\t\t\t\t\t\t<\/div>\n\t\t\t\t<\/div>\n\t\t\t\t\t<\/div>\n\t\t\t\t<\/div>\n\t\t\t\t\t<\/div>\n\t\t\t\t<\/div>\n\t\t<div class=\"elementor-element elementor-element-5b6c152e e-flex e-con-boxed e-con e-parent\" data-id=\"5b6c152e\" data-element_type=\"container\">\n\t\t\t\t\t<div class=\"e-con-inner\">\n\t\t\t\t<div class=\"elementor-element elementor-element-28671c70 elementor-widget elementor-widget-text-editor\" data-id=\"28671c70\" data-element_type=\"widget\" data-widget_type=\"text-editor.default\">\n\t\t\t\t<div class=\"elementor-widget-container\">\n\t\t\t\t\t\t\t\t\t<p><i>* Stiftelsen Allm\u00e4nna Barnhuset &#8221;V\u00e5ld mot barn 2022 &#8211; en nationell kartl\u00e4ggning&#8221; (2023).<\/i><\/p>\t\t\t\t\t\t\t\t<\/div>\n\t\t\t\t<\/div>\n\t\t\t\t\t<\/div>\n\t\t\t\t<\/div>\n\t\t<div class=\"elementor-element elementor-element-ea7f174 e-flex e-con-boxed e-con e-parent\" data-id=\"ea7f174\" data-element_type=\"container\">\n\t\t\t\t\t<div class=\"e-con-inner\">\n\t\t\t\t<div class=\"elementor-element elementor-element-01e4c46 elementor-widget elementor-widget-image\" data-id=\"01e4c46\" data-element_type=\"widget\" data-widget_type=\"image.default\">\n\t\t\t\t<div class=\"elementor-widget-container\">\n\t\t\t\t\t\t\t\t\t\t\t\t\t\t\t<img decoding=\"async\" src=\"https:\/\/treskablinoll.nu\/wp-content\/uploads\/2023\/08\/med_stod_fran_allmanna_arvsfonden_positiv-scaled.png\" title=\"med_stod_fran_allmanna_arvsfonden_positiv\" alt=\"med_stod_fran_allmanna_arvsfonden_positiv\" loading=\"lazy\" \/>\t\t\t\t\t\t\t\t\t\t\t\t\t\t\t<\/div>\n\t\t\t\t<\/div>\n\t\t\t\t\t<\/div>\n\t\t\t\t<\/div>\n\t\t\t\t<\/div>","protected":false},"excerpt":{"rendered":"<p>Bli den trygga vuxna ett barn beh\u00f6ver Idag blir fler \u00e4n 1 av 4 barn utsatta f\u00f6r sexuella \u00f6vergrepp. Det \u00e4r ungef\u00e4r 8 barn per klass som f\u00e5r sin trygga barndom ber\u00f6vad. Genom att st\u00e4rka grundskolans integritetsarbete kan vi se till att skolan blir en trygg plats fri fr\u00e5n sexuella \u00f6vergrepp. F\u00f6r att g\u00f6ra det [&hellip;]<\/p>","protected":false},"author":121,"featured_media":8275,"comment_status":"closed","ping_status":"open","sticky":false,"template":"","format":"standard","meta":{"_acf_changed":false,"footnotes":""},"categories":[64],"tags":[65],"class_list":["post-9579","post","type-post","status-publish","format-standard","has-post-thumbnail","hentry","category-grundskolebrevet","tag-utbildning"],"acf":[],"_links":{"self":[{"href":"https:\/\/treskablinoll.nu\/ll\/wp-json\/wp\/v2\/posts\/9579","targetHints":{"allow":["GET"]}}],"collection":[{"href":"https:\/\/treskablinoll.nu\/ll\/wp-json\/wp\/v2\/posts"}],"about":[{"href":"https:\/\/treskablinoll.nu\/ll\/wp-json\/wp\/v2\/types\/post"}],"author":[{"embeddable":true,"href":"https:\/\/treskablinoll.nu\/ll\/wp-json\/wp\/v2\/users\/121"}],"replies":[{"embeddable":true,"href":"https:\/\/treskablinoll.nu\/ll\/wp-json\/wp\/v2\/comments?post=9579"}],"version-history":[{"count":62,"href":"https:\/\/treskablinoll.nu\/ll\/wp-json\/wp\/v2\/posts\/9579\/revisions"}],"predecessor-version":[{"id":11847,"href":"https:\/\/treskablinoll.nu\/ll\/wp-json\/wp\/v2\/posts\/9579\/revisions\/11847"}],"wp:featuredmedia":[{"embeddable":true,"href":"https:\/\/treskablinoll.nu\/ll\/wp-json\/wp\/v2\/media\/8275"}],"wp:attachment":[{"href":"https:\/\/treskablinoll.nu\/ll\/wp-json\/wp\/v2\/media?parent=9579"}],"wp:term":[{"taxonomy":"category","embeddable":true,"href":"https:\/\/treskablinoll.nu\/ll\/wp-json\/wp\/v2\/categories?post=9579"},{"taxonomy":"post_tag","embeddable":true,"href":"https:\/\/treskablinoll.nu\/ll\/wp-json\/wp\/v2\/tags?post=9579"}],"curies":[{"name":"wp","href":"https:\/\/api.w.org\/{rel}","templated":true}]}}